{"id":4717,"date":"2023-09-03T22:27:28","date_gmt":"2023-09-03T22:27:28","guid":{"rendered":"https:\/\/technistub.org\/?p=4717"},"modified":"2023-09-03T23:01:11","modified_gmt":"2023-09-03T23:01:11","slug":"technistub-a-explorassos-2","status":"publish","type":"post","link":"https:\/\/technistub.org\/?p=4717","title":{"rendered":"Technistub \u00e0 Explor&rsquo;assos 2"},"content":{"rendered":"\n<p>Le dimanche 10 septembre de 10h \u00e0 17h, venez d\u00e9couvrir 205 associations mulhousiennes et profiter de nombreuses activit\u00e9s au Parc Expo!<\/p>\n\n\n\n<p>Technistub y tiendra un stand pour faire d\u00e9couvrir notre association.<\/p>\n\n\n\n<figure class=\"wp-block-image size-large\"><a href=\"https:\/\/technistub.org\/wp-content\/uploads\/2023\/09\/Mulhouse-Exploreasso2-senior_facebook_940x788-min-2048x1717-1.jpg\"><img loading=\"lazy\" decoding=\"async\" width=\"1024\" height=\"859\" src=\"https:\/\/technistub.org\/wp-content\/uploads\/2023\/09\/Mulhouse-Exploreasso2-senior_facebook_940x788-min-2048x1717-1-1024x859.jpg\" alt=\"\" class=\"wp-image-4718\" srcset=\"https:\/\/technistub.org\/wp-content\/uploads\/2023\/09\/Mulhouse-Exploreasso2-senior_facebook_940x788-min-2048x1717-1-1024x859.jpg 1024w, https:\/\/technistub.org\/wp-content\/uploads\/2023\/09\/Mulhouse-Exploreasso2-senior_facebook_940x788-min-2048x1717-1-300x252.jpg 300w, https:\/\/technistub.org\/wp-content\/uploads\/2023\/09\/Mulhouse-Exploreasso2-senior_facebook_940x788-min-2048x1717-1-768x644.jpg 768w, https:\/\/technistub.org\/wp-content\/uploads\/2023\/09\/Mulhouse-Exploreasso2-senior_facebook_940x788-min-2048x1717-1-1536x1288.jpg 1536w, https:\/\/technistub.org\/wp-content\/uploads\/2023\/09\/Mulhouse-Exploreasso2-senior_facebook_940x788-min-2048x1717-1-155x130.jpg 155w, https:\/\/technistub.org\/wp-content\/uploads\/2023\/09\/Mulhouse-Exploreasso2-senior_facebook_940x788-min-2048x1717-1.jpg 2048w\" sizes=\"auto, (max-width: 1024px) 100vw, 1024px\" \/><\/a><\/figure>\n\n\n\n<p>Profitez-en pour venir nous voir et adh\u00e9rer ou r\u00e9-adh\u00e9rer (on aura des <a href=\"https:\/\/technistub.org\/wp-content\/uploads\/2023\/08\/BulletinAdhesion2023-2024-V30.pdf\">bulletins d&rsquo;adh\u00e9sions<\/a> et le terminal de paiement pour une adh\u00e9sion ou r\u00e9-adh\u00e9sion facile).<\/p>\n\n\n\n<p><a><\/a>Cette manifestation gratuite et accessible \u00e0 tous offre \u00e0 voir la richesse du tissu associatif mulhousien.<\/p>\n\n\n\n<p>Pour le programme, c&rsquo;est par ici : <a rel=\"noreferrer noopener\" href=\"https:\/\/www.mulhouse.fr\/bouger-sortir\/evenements\/explor-assos\/?fbclid=IwAR3psWZOOPknq1m4DCguC_pUuJTIcCmUplqqZbKiuooFupRmorNnnJ4YqJ4\" target=\"_blank\">https:\/\/www.mulhouse.fr\/bouger&#8230;\/evenements\/explor-assos\/<\/a><\/p>\n\n\n\n<hr class=\"wp-block-separator has-alpha-channel-opacity\"\/>\n\n\n\n<p><strong>Nous aurons besoin de b\u00e9n\u00e9voles pour tenir le stand et assurer la promotion de notre FABLAB.<\/strong><\/p>\n\n\n\n<p>L&rsquo;installation se fera le samedi 9 septembre dans l&rsquo;apr\u00e8s-midi et le salon se tiendra toute la journ\u00e9e du dimanche 10 septembre.<\/p>\n\n\n\n<p><strong><br>Prenez contact avec le CA si vous pouvez\/voulez aider.<\/strong><\/p>\n\n\n\n<p>Merci d&rsquo;avance.<\/p>\n\n\n\n<p><\/p>\n","protected":false},"excerpt":{"rendered":"<p>Le dimanche 10 septembre de 10h \u00e0 17h, venez d\u00e9couvrir 205 associations mulhousiennes et profiter de nombreuses activit\u00e9s au Parc Expo! Technistub y tiendra un stand pour faire d\u00e9couvrir notre association. Profitez-en pour venir nous voir et adh\u00e9rer ou r\u00e9-adh\u00e9rer (on aura des bulletins d&rsquo;adh\u00e9sions et le terminal de paiement pour une adh\u00e9sion ou r\u00e9-adh\u00e9sion [&hellip;]<\/p>\n","protected":false},"author":5,"featured_media":0,"comment_status":"closed","ping_status":"open","sticky":false,"template":"","format":"standard","meta":{"footnotes":""},"categories":[1],"tags":[],"class_list":["post-4717","post","type-post","status-publish","format-standard","hentry","category-non-classe"],"_links":{"self":[{"href":"https:\/\/technistub.org\/index.php?rest_route=\/wp\/v2\/posts\/4717","targetHints":{"allow":["GET"]}}],"collection":[{"href":"https:\/\/technistub.org\/index.php?rest_route=\/wp\/v2\/posts"}],"about":[{"href":"https:\/\/technistub.org\/index.php?rest_route=\/wp\/v2\/types\/post"}],"author":[{"embeddable":true,"href":"https:\/\/technistub.org\/index.php?rest_route=\/wp\/v2\/users\/5"}],"replies":[{"embeddable":true,"href":"https:\/\/technistub.org\/index.php?rest_route=%2Fwp%2Fv2%2Fcomments&post=4717"}],"version-history":[{"count":3,"href":"https:\/\/technistub.org\/index.php?rest_route=\/wp\/v2\/posts\/4717\/revisions"}],"predecessor-version":[{"id":4729,"href":"https:\/\/technistub.org\/index.php?rest_route=\/wp\/v2\/posts\/4717\/revisions\/4729"}],"wp:attachment":[{"href":"https:\/\/technistub.org\/index.php?rest_route=%2Fwp%2Fv2%2Fmedia&parent=4717"}],"wp:term":[{"taxonomy":"category","embeddable":true,"href":"https:\/\/technistub.org\/index.php?rest_route=%2Fwp%2Fv2%2Fcategories&post=4717"},{"taxonomy":"post_tag","embeddable":true,"href":"https:\/\/technistub.org\/index.php?rest_route=%2Fwp%2Fv2%2Ftags&post=4717"}],"curies":[{"name":"wp","href":"https:\/\/api.w.org\/{rel}","templated":true}]}}